{"id":1487,"date":"2026-09-06T16:24:12","date_gmt":"2026-09-06T19:24:12","guid":{"rendered":"https:\/\/elregionalnoticias.com\/index.php\/2026\/09\/06\/maciel-pidio-hablar-se-sabra-de-loan-dira-todo-lo-que-sabe\/"},"modified":"2026-09-06T16:24:12","modified_gmt":"2026-09-06T19:24:12","slug":"maciel-pidio-hablar-se-sabra-de-loan-dira-todo-lo-que-sabe","status":"publish","type":"post","link":"https:\/\/elregionalnoticias.com\/index.php\/2026\/09\/06\/maciel-pidio-hablar-se-sabra-de-loan-dira-todo-lo-que-sabe\/","title":{"rendered":"MACIEL PIDI\u00d3 HABLAR: \u00bfSE SABR\u00c1 DE LOAN, DIR\u00c1 TODO LO QUE SABE?"},"content":{"rendered":"<p>Semana clave en el juicio por la desaparici\u00f3n de Loan Pe\u00f1a. Ser\u00e1n tres audiencias en la cuales pasar\u00e1n ocho testigos y se sumar\u00e1 la primera declaraci\u00f3n de un imputado acusado por ser \u00abpenalmente responsable del delito de sustracci\u00f3n y ocultamiento de un menor de diez a\u00f1os, en concurso ideal con encubrimiento por favorecimiento real, calificado por la gravedad del delito precedente y su calidad de funcionario p\u00fablico\u00bb.<\/p>\n<p>Se trata del excomisario Walter Maciel quien en junio de 2024 estaba a cargo de la comisar\u00eda local. Fue cuestionado por varios testigos, entre ellos pertenecientes a la misma fuerza por su accionar. Modificaci\u00f3n de actuaciones en el libro de guardia, la hora en que decidi\u00f3 salir hacia el campo con dem\u00e1s uniformados para comenzar la b\u00fasqueda, el permiso otorgado a la pareja P\u00e9rez y Caillava que viajen a Corrientes y a Chaco cuando el ni\u00f1o segu\u00eda desaparecido, son algunas de las tantas situaciones que testigos \u0096en lo que va del juicio- manifestaron de \u00abraro\u00bb al mencionar a Maciel.<\/p>\n<p>No fue confirmado si responder\u00e1 preguntas de las partes como tampoco si ya cuenta con un codefensor como solicit\u00f3 tener en la audiencia del jueves pasado.<\/p>\n<p>Un codefensor para Maciel<br \/>\nAl respecto, vale mencionar que al inicio de esta \u00faltima jornada el imputado Walter Maciel se entrevist\u00f3 con la secretaria del tribunal y plante\u00f3 una cuesti\u00f3n documental sobre su lugar de detenci\u00f3n y la de solicitar nombrar a un codefensor (debido a que el doctor Richard Vallejos en algunas oportunidades atras\u00f3 su presencia en la audiencia).<\/p>\n<p>Sobre este \u00faltimo pedido, el presidente del Tribunal, Fermin Ceroleni, se\u00f1al\u00f3: \u00abEste es un debate que fue programado con todas las partes. Se fijaron las fechas establecidas, tres d\u00edas por semana alternado de manera tal que las partes ten\u00edan perfectamente diagramado el d\u00eda de la audiencia\u00bb y aclar\u00f3: \u00abCualquier situaci\u00f3n que tengan los profesionales debi\u00f3 ser suspendida ante la prioridad de este debate. De manera tal que ac\u00e1 no se va a permitir que el defensor Vallejos suspenda su asistencia al d\u00eda martes priorizando otros debates\u00bb, a lo que el doctor Richard Vallejos dej\u00f3 en claro que no est\u00e1 en su intenci\u00f3n suspender debates.<\/p>\n<p>Maciel pidi\u00f3 la palabra entonces y dijo: \u00abC\u00f3mo imputado y perjudicado en esta causa, no quiero entorpecer ni atrasar nada. De mi parte, nunca va a haber intenci\u00f3n de atrasar el juicio. Como manifest\u00e9 en la entrevista con la secretaria, en el transcurso de ma\u00f1ana -a m\u00e1s tardar-, voy a designar un coayudante para mi defensor\u00bb.<\/p>\n<p>Consultado por este medio si el imputado cuenta con un codefensor, Vallejos no emiti\u00f3 respuesta alguna.<\/p>\n","protected":false},"excerpt":{"rendered":"<p>Semana clave en el juicio por la desaparici\u00f3n de Loan Pe\u00f1a. Ser\u00e1n tres audiencias en la cuales pasar\u00e1n ocho testigos y se sumar\u00e1 la primera declaraci\u00f3n de un imputado acusado por ser \u00abpenalmente responsable del delito de sustracci\u00f3n y ocultamiento de un menor de diez a\u00f1os, en concurso ideal con encubrimiento por favorecimiento real, calificado [&hellip;]<\/p>\n","protected":false},"author":1,"featured_media":1488,"comment_status":"open","ping_status":"open","sticky":false,"template":"","format":"standard","meta":{"_monsterinsights_skip_tracking":false,"_monsterinsights_sitenote_active":false,"_monsterinsights_sitenote_note":"","_monsterinsights_sitenote_category":0,"footnotes":""},"categories":[3],"tags":[],"class_list":["post-1487","post","type-post","status-publish","format-standard","has-post-thumbnail","hentry","category-policiales"],"_links":{"self":[{"href":"https:\/\/elregionalnoticias.com\/index.php\/wp-json\/wp\/v2\/posts\/1487"}],"collection":[{"href":"https:\/\/elregionalnoticias.com\/index.php\/wp-json\/wp\/v2\/posts"}],"about":[{"href":"https:\/\/elregionalnoticias.com\/index.php\/wp-json\/wp\/v2\/types\/post"}],"author":[{"embeddable":true,"href":"https:\/\/elregionalnoticias.com\/index.php\/wp-json\/wp\/v2\/users\/1"}],"replies":[{"embeddable":true,"href":"https:\/\/elregionalnoticias.com\/index.php\/wp-json\/wp\/v2\/comments?post=1487"}],"version-history":[{"count":0,"href":"https:\/\/elregionalnoticias.com\/index.php\/wp-json\/wp\/v2\/posts\/1487\/revisions"}],"wp:featuredmedia":[{"embeddable":true,"href":"https:\/\/elregionalnoticias.com\/index.php\/wp-json\/wp\/v2\/media\/1488"}],"wp:attachment":[{"href":"https:\/\/elregionalnoticias.com\/index.php\/wp-json\/wp\/v2\/media?parent=1487"}],"wp:term":[{"taxonomy":"category","embeddable":true,"href":"https:\/\/elregionalnoticias.com\/index.php\/wp-json\/wp\/v2\/categories?post=1487"},{"taxonomy":"post_tag","embeddable":true,"href":"https:\/\/elregionalnoticias.com\/index.php\/wp-json\/wp\/v2\/tags?post=1487"}],"curies":[{"name":"wp","href":"https:\/\/api.w.org\/{rel}","templated":true}]}}